{"short_name":"Tane\u010dn\u00ed centrum Praha \u2013 konzervato\u0159, z. \u00fa.","name":"Tane\u010dn\u00ed centrum Praha \u2013 konzervato\u0159, z. \u00fa. (Pro rodi\u010de a \u017e\u00e1ky)","icons":[{"src":"\/images\/icons\/icon-192.png","type":"image\/png","sizes":"192x192"},{"src":"\/images\/icons\/icon-512.png","type":"image\/png","sizes":"512x512"}],"start_url":"\/","background_color":"#FFF","display":"standalone","theme_color":"#FFF"}
